{"id":7559,"date":"2025-08-25T12:15:53","date_gmt":"2025-08-25T12:15:53","guid":{"rendered":"https:\/\/thinkvia.be\/?p=7559"},"modified":"2025-08-25T12:42:14","modified_gmt":"2025-08-25T12:42:14","slug":"sir-john-hegarty-il-y-a-un-fosse-entre-lapproche-axee-sur-les-datas-et-la-creativite","status":"publish","type":"post","link":"https:\/\/thinkvia.be\/fr\/sir-john-hegarty-il-y-a-un-fosse-entre-lapproche-axee-sur-les-datas-et-la-creativite\/","title":{"rendered":"Sir John Hegarty: Il y a un foss\u00e9 entre l&rsquo;approche ax\u00e9e sur les datas et la cr\u00e9ativit\u00e9"},"content":{"rendered":"\n<p class=\"has-black-color has-text-color has-link-color has-medium-font-size wp-elements-f59a577192cedf34a5ad685078e664b0\"><strong><strong>Interview co-r\u00e9alis\u00e9e par Global TV Group et David de Jong &#8211; Marketing Report<\/strong><\/strong><\/p>\n\n\n\n<div style=\"height:10px\" aria-hidden=\"true\" class=\"wp-block-spacer\"><\/div>\n\n\n\n<p class=\"has-black-color has-text-color has-link-color wp-elements-ef3fd891dbc16a711df4fdbdc3d950e8\">Sir John Hegarty a cofond\u00e9 Bartle Bogle Hegarty en 1982, apr\u00e8s avoir particip\u00e9 \u00e0 la cr\u00e9ation des bureaux londoniens de TBWA et Saatchi &amp; Saatchi. Il est aujourd&rsquo;hui une figure incontournable de l&rsquo;industrie cr\u00e9ative internationale.<\/p>\n\n\n\n<p class=\"has-black-color has-text-color has-link-color wp-elements-95c2396dac98283bceef58c15ecd231a\">Nous l&rsquo;avons rencontr\u00e9 dans le cadre d&rsquo;une interview sur la t\u00e9l\u00e9vision, les marques et la fa\u00e7on de travailler dans un environnement ax\u00e9 sur la data. Nous lui avons demand\u00e9 de nous faire part de ses r\u00e9flexions sur la cr\u00e9ativit\u00e9, le r\u00f4le durable de la t\u00e9l\u00e9vision et la mani\u00e8re dont l&rsquo;industrie doit \u00e9voluer sans perdre son \u00e2me.<\/p>\n\n\n\n<p class=\"has-black-color has-text-color has-link-color wp-elements-f8a7a8d130dfedb9f9da25361cac1f60\"><strong><strong><strong>Vous avez souvent soulign\u00e9 l&rsquo;importance de la v\u00e9rit\u00e9 et de la r\u00e9sonance \u00e9motionnelle dans le travail cr\u00e9atif. \u00c0 une \u00e9poque domin\u00e9e par la publicit\u00e9 ax\u00e9e sur la data et les indicateurs de performance, comment voyez-vous \u00e9voluer le r\u00f4le de l&rsquo;intuition et de la sensibilit\u00e9 humaine ?<\/strong><\/strong><\/strong><\/p>\n\n\n\n<p class=\"has-black-color has-text-color has-link-color wp-elements-dc28b9981818792147c48802a7504d93\">Il existe une obsession croissante pour ce qui peut \u00eatre mesur\u00e9. Mais en r\u00e9alit\u00e9, les mesures ne produisent pas de sens. C&rsquo;est la cr\u00e9ativit\u00e9 qui le fait. L&rsquo;intuition et la perception \u00e9motionnelle restent le moteur d&rsquo;une publicit\u00e9 r\u00e9ussie. Les datas peuvent vous dire ce qui se passe, mais elles vous expliquent rarement pourquoi cela est important. Lorsque vous ignorez votre instinct, vous risquez de cr\u00e9er un travail techniquement efficace, mais \u00e9motionnellement vide.<\/p>\n\n\n\n<p class=\"has-black-color has-text-color has-link-color wp-elements-59e66e23620f122c34f2e38e98db58c0\">Les gens se souviennent de ce que vous leur avez fait ressentir. C&rsquo;est ce qui fait bouger les march\u00e9s. Et c&rsquo;est quelque chose qu&rsquo;un tableur ne peut pas saisir.<\/p>\n\n\n\n<p class=\"has-black-color has-text-color has-link-color wp-elements-7326002132a317af614e4c730b70a94e\"><strong>La t\u00e9l\u00e9vision a toujours \u00e9t\u00e9 l&rsquo;une des plateformes les plus puissantes pour le d\u00e9veloppement des marques. Selon vous, en quoi la publicit\u00e9 t\u00e9l\u00e9vis\u00e9e reste-t-elle sup\u00e9rieure au digital, et que doit-elle changer aujourd&rsquo;hui pour rester cr\u00e9ative et pertinente ?<\/strong><\/p>\n\n\n\n<p class=\"has-black-color has-text-color has-link-color wp-elements-5b47c22e91d88c7843d430471e89ad52\">La t\u00e9l\u00e9vision a la capacit\u00e9 unique de p\u00e9n\u00e9trer la conscience collective. Une excellente publicit\u00e9 t\u00e9l\u00e9vis\u00e9e peut influencer le d\u00e9bat national d&rsquo;une mani\u00e8re que le digital ne peut souvent pas \u00e9galer. Le digital a ses forces. Il est flexible et cibl\u00e9. Mais trop souvent, il est consomm\u00e9 en silence, en priv\u00e9. La t\u00e9l\u00e9vision, en revanche, offre toujours une exp\u00e9rience partag\u00e9e \u00e0 grande \u00e9chelle. Ce moment de vie collective reste essentiel. Le d\u00e9fi pour la t\u00e9l\u00e9vision n&rsquo;est pas seulement de rester pertinente, mais aussi de rester audacieuse. Elle doit divertir et d\u00e9fendre certaines valeurs.<\/p>\n\n\n\n<p class=\"has-black-color has-text-color has-link-color wp-elements-2bbc8bc863e46f51926d8dad8e154f64\"><strong><strong><strong>Apr\u00e8s avoir cr\u00e9\u00e9 certaines des campagnes t\u00e9l\u00e9vis\u00e9es les plus m\u00e9morables de ces derni\u00e8res d\u00e9cennies, comment voyez-vous l&rsquo;\u00e9volution du storytelling dans les publicit\u00e9s t\u00e9l\u00e9vis\u00e9es ? Gagnons-nous ou perdons-nous quelque chose dans cette transition vers des formats plus courts et des contenus optimis\u00e9s par des algorithmes ?<\/strong><\/strong><\/strong><\/p>\n\n\n\n<p class=\"has-black-color has-text-color has-link-color wp-elements-8c4ab00e6bd8b96f76ee4ba16ccd2869\">Il n&rsquo;y a rien de mal \u00e0 utiliser des formats plus courts. La concision peut \u00eatre une qualit\u00e9. Mais la compression ne doit jamais se faire au d\u00e9triment de la clart\u00e9. Nous confondons attention et engagement. Et ce ph\u00e9nom\u00e8ne est dangereux. Une bonne histoire a besoin d&rsquo;espace pour respirer. Lorsque chaque message est raccourci pour s&rsquo;adapter \u00e0 un algorithme, nous perdons l&rsquo;art, et c&rsquo;est souvent ce qui int\u00e9resse les gens. Les marques doivent se rappeler que le storytelling n&rsquo;est pas une astuce. C&rsquo;est un lien.<\/p>\n\n\n\n<p class=\"has-black-color has-text-color has-link-color wp-elements-fe34dd3eafd2b65a61b1c844c76b42a6\"><strong><strong><strong><strong>Comment voyez-vous \u00e9voluer le monde de la publicit\u00e9 vid\u00e9o et de la cr\u00e9ativit\u00e9 aujourd&rsquo;hui, plus particuli\u00e8rement sur fond de r\u00e9volution digitale silencieuse ? Quels changements remarquez-vous et comment pensez-vous que l&rsquo;IA influencera cette \u00e9volution ? Comment les cr\u00e9atifs peuvent-ils continuer \u00e0 tirer leur \u00e9pingle du jeu dans ce paysage en pleine mutation ?<\/strong><\/strong><\/strong><\/strong><\/p>\n\n\n\n<p class=\"has-black-color has-text-color has-link-color wp-elements-a1fa9dd2f7eda242fcdee84d42e9b199\">La publicit\u00e9 est en train de d\u00e9river, elle est trop peu remarqu\u00e9e. Le digital a chang\u00e9 la fa\u00e7on dont nous diffusons les id\u00e9es, mais pas ce qui les rend puissantes. Quant \u00e0 l&rsquo;IA, c&rsquo;est un collaborateur, pas un outil. Je pense que les cr\u00e9atifs auraient tout int\u00e9r\u00eat \u00e0 la consid\u00e9rer comme telle et \u00e0 l&rsquo;int\u00e9grer dans leur travail. Plut\u00f4t que d&rsquo;\u00eatre comme un crayon ou un appareil photo, elle est comme un coll\u00e8gue. La seule diff\u00e9rence, c&rsquo;est qu&rsquo;elle ne peut pas imaginer. Notre travail ne consiste pas \u00e0 reproduire ce qui existe d\u00e9j\u00e0, mais \u00e0 cr\u00e9er ce qui n&rsquo;existe pas encore.<\/p>\n\n\n\n<p class=\"has-black-color has-text-color has-link-color wp-elements-ebc7c2fdc53412b712f86b065ef0634e\"><strong><strong>Vous \u00eates un fervent d\u00e9fenseur de la cr\u00e9ativit\u00e9. Comment \u00e9valuez-vous la cr\u00e9ativit\u00e9 des contenus actuellement produits par les cha\u00eenes de t\u00e9l\u00e9vision, qu&rsquo;il s&rsquo;agisse de cha\u00eenes lin\u00e9aires ou de plateformes de streaming, publiques ou priv\u00e9es ? Dans quelle mesure la cr\u00e9ativit\u00e9 est-elle mise en avant et o\u00f9 y a-t-il mati\u00e8re \u00e0 am\u00e9lioration ?<\/strong><\/strong><\/p>\n\n\n\n<p class=\"has-black-color has-text-color has-link-color wp-elements-8bf798cd821cac22562fea4af13815c4\">Je n&rsquo;aime pas beaucoup le mot \u00ab contenu \u00bb, car techniquement, l&rsquo;int\u00e9rieur de mes tuyaux de toilettes est rempli de contenu. Je pense que cela fait partie du probl\u00e8me : il y a plus de \u00ab contenu \u00bb que jamais. Mais une grande partie de ce contenu est cr\u00e9ativement frileux. Nous voyons des choix s\u00fbrs, pas des choix audacieux. Les plateformes de streaming ont lib\u00e9r\u00e9 l&rsquo;ambition. Mais la rapidit\u00e9 de mise sur le march\u00e9 et les objectifs de volume diluent souvent la vision. Les diffuseurs publics, quant \u00e0 eux, sont en proie \u00e0 des questionnements identitaires. Ceux qui s&rsquo;imposeront seront ceux qui s&rsquo;engageront dans une r\u00e9flexion originale, et pas seulement dans des mesures d&rsquo;audience. Lorsque les entreprises privil\u00e9gient la vision plut\u00f4t que la validation, nous obtenons des \u0153uvres qui fa\u00e7onnent la culture. Nous avons besoin de plus de cela.<\/p>\n\n\n\n<p class=\"has-black-color has-text-color has-link-color wp-elements-a05eabe0ab187adcafb001cd35c8b4b3\"><strong><strong><strong>Que pensez-vous de Cannes, o\u00f9 l&rsquo;industrie semble se diviser ?<\/strong><\/strong><\/strong><\/p>\n\n\n\n<p class=\"has-black-color has-text-color has-link-color wp-elements-4fac7d7f4c46755ec0a54740cdc634dd\">Il existe un foss\u00e9, et Cannes le met clairement en \u00e9vidence. \u00c0 l&rsquo;int\u00e9rieur du Palais, la cr\u00e9ativit\u00e9 est pr\u00e9sent\u00e9e comme \u00e9motionnelle, durable et propice \u00e0 la construction d&rsquo;une marque. \u00c0 l&rsquo;ext\u00e9rieur, sur les plages et les yachts, ce sont les performances, les datas et la pr\u00e9cision qui priment. Et les deux mondes se rejoignent rarement.<\/p>\n\n\n\n<p class=\"has-black-color has-text-color has-link-color wp-elements-d30a56a5debb72c572ef211b95eb2917\">Ce n&rsquo;est pas mauvais en soi. Mais cela devient un probl\u00e8me lorsque nous cessons de parler un langage commun. La cr\u00e9ativit\u00e9 doit fonctionner. Elle doit r\u00e9soudre des probl\u00e8mes r\u00e9els pour des marques r\u00e9elles soumises \u00e0 une pression r\u00e9elle. Si ce n&rsquo;est pas le cas, alors que r\u00e9compensons-nous exactement ?<\/p>\n\n\n\n<p class=\"has-black-color has-text-color has-link-color wp-elements-ec9dfcf6363bd31800a785e592426f3a\">Les recherches de Mark Ritson constituaient une provocation n\u00e9cessaire. Si le meilleur travail n&rsquo;est pas le plus efficace, alors nous avons perdu le fil. La cr\u00e9ativit\u00e9 n&rsquo;est pas destin\u00e9e aux galeries. Elle est au service de la croissance. C&rsquo;est ce qu&rsquo;ont compris DDB et CDP. Ils ne courent pas apr\u00e8s les applaudissements. Ils ont b\u00e2ti une r\u00e9putation et obtenu des r\u00e9sultats.<\/p>\n\n\n\n<p class=\"has-black-color has-text-color has-link-color wp-elements-955a4b1d7ab78fbbf1aebe21e3d4fa9b\">Donc oui, Cannes t\u00e9moigne d&rsquo;une tension. Et non, la technologie et la cr\u00e9ativit\u00e9 ne doivent pas n\u00e9cessairement \u00eatre oppos\u00e9es. Mais nous devons cesser de pr\u00e9tendre qu&rsquo;elles sont align\u00e9es si l&rsquo;une c\u00e9l\u00e8bre la port\u00e9e et l&rsquo;autre oublie la raison.<\/p>\n\n\n\n<p class=\"has-black-color has-text-color has-link-color wp-elements-e7397fea6c983707626f0a8cc3b657c2\">C&rsquo;est l\u00e0 que la t\u00e9l\u00e9vision peut jouer un r\u00f4le. Elle a compris la n\u00e9cessit\u00e9 d&rsquo;\u00eatre m\u00e9morable et d&rsquo;atteindre un large public. Elle sait comment allier l&rsquo;\u00e9chelle et l&rsquo;histoire. L&rsquo;industrie doit cesser de diviser son \u00e2me et commencer \u00e0 unir ses forces.<\/p>\n\n\n\n<p class=\"has-black-color has-text-color has-link-color wp-elements-8d97a7f8cfcf042327f025be5b283010\">C&rsquo;est l\u00e0 que la t\u00e9l\u00e9vision peut jouer un r\u00f4le. Elle comprend la n\u00e9cessit\u00e9 d&rsquo;\u00eatre m\u00e9morable et d&rsquo;atteindre un large public. Elle sait comment allier port\u00e9e et narration. L&rsquo;industrie doit cesser de diviser son \u00e2me et commencer \u00e0 unir ses forces.<\/p>\n\n\n\n<p class=\"has-black-color has-text-color has-link-color wp-elements-2e755c19117dab31fbbca8689f4bd078\">Sinon, nous n&rsquo;applaudirons que des id\u00e9es qui ne quitteront jamais la plage.<\/p>\n\n\n\n<div style=\"height:10px\" aria-hidden=\"true\" class=\"wp-block-spacer\"><\/div>\n\n\n\n<hr class=\"wp-block-separator has-alpha-channel-opacity\"\/>\n\n\n\n<div style=\"height:25px\" aria-hidden=\"true\" class=\"wp-block-spacer\"><\/div>\n\n\n\n<p class=\"has-text-color has-link-color has-medium-font-size wp-elements-151a0d5aefbbd48fc4d7ed1ad0d041d1\" style=\"color:#879097\"><strong>Want to go deeper?<\/strong><\/p>\n\n\n\n<p class=\"has-black-color has-text-color has-link-color wp-elements-6008e20b330aaa181bbed494b4d7d858\">Join us for an exclusive Global TV Group webinar on September 24 at 16:00 CET<br>\u00ab\u00a0<strong>The Case for Creativity<\/strong>\u00a0\u00bb by Sir John Hegarty and Orlando Wood<\/p>\n\n\n\n<p>Register <a href=\"https:\/\/us02web.zoom.us\/webinar\/register\/WN_V8dXfLPmTEujN1yGRalvCQ#\/registration\" data-type=\"link\" data-id=\"https:\/\/us02web.zoom.us\/webinar\/register\/WN_V8dXfLPmTEujN1yGRalvCQ#\/registration\">here<\/a><\/p>\n\n\n\n<p class=\"has-text-color has-link-color wp-elements-5bbddb6a1f3b6012c13a4a00f14c8868\" style=\"color:#879097\">Both speakers also offer courses for those who want to explore their thinking in more detail.&nbsp;As a special offer through the Global TV Group,&nbsp;<strong>you&nbsp;get a \u00a3100&nbsp;discount on either course<\/strong>. If more&nbsp;than one person in your company is interested, we can also discuss&nbsp;a&nbsp;group discount. In both cases&nbsp;just reach out to&nbsp;VIA and ask for the discount code.<\/p>\n\n\n\n<p class=\"has-text-color has-link-color wp-elements-d8cb22e3fef18ad6ffd11f0c28a0d694\" style=\"color:#879097\"><strong>Sir John Hegarty\u2019s course:&nbsp;Creativity is for Growth<\/strong><\/p>\n\n\n\n<p class=\"has-text-color has-link-color wp-elements-238fce9b6922546099fb5fa8ff27874f\" style=\"color:#879097\">8-module masterclass featuring lectures, guest speakers, live Q&amp;As, and practical guidance on&nbsp;developing and selling powerful creative ideas.<\/p>\n\n\n\n<p class=\"has-text-color has-link-color wp-elements-13774d7f1e89ea488e139ad1d4e25625\" style=\"color:#879097\"><strong>Orlando Wood\u2019s course: A.P.E.&nbsp;Advertising Principles Explained<\/strong><\/p>\n\n\n\n<p class=\"has-text-color has-link-color wp-elements-0c26048f445ef12361ad52be085fa6e0\" style=\"color:#879097\">8-week&nbsp;journey into the principles of effective advertising \u2014 blending history, psychology, and creative&nbsp;best practice to help brands grow. <\/p>\n\n\n\n<p class=\"has-text-color has-link-color wp-elements-9ddd693392c07da9d6f034bc7170919b\" style=\"color:#879097\"><strong>These courses are separate from the webinar and entirely optional, but highly recommended&nbsp;for those looking to elevate their&nbsp;creative impact.<\/strong><\/p>\n","protected":false},"excerpt":{"rendered":"<p>Interview co-r\u00e9alis\u00e9e par Global TV Group et David de Jong &#8211; Marketing Report Sir John Hegarty a cofond\u00e9 Bartle Bogle Hegarty en 1982, apr\u00e8s avoir particip\u00e9 \u00e0 la cr\u00e9ation des bureaux londoniens de TBWA et Saatchi &amp; Saatchi. Il est&#8230;<\/p>\n","protected":false},"author":3,"featured_media":7596,"comment_status":"closed","ping_status":"closed","sticky":false,"template":"","format":"standard","meta":{"_acf_changed":false,"_uf_show_specific_survey":0,"_uf_disable_surveys":false,"footnotes":""},"categories":[19],"tags":[],"class_list":["post-7559","post","type-post","status-publish","format-standard","has-post-thumbnail","hentry","category-insights"],"acf":[],"_links":{"self":[{"href":"https:\/\/thinkvia.be\/fr\/wp-json\/wp\/v2\/posts\/7559","targetHints":{"allow":["GET"]}}],"collection":[{"href":"https:\/\/thinkvia.be\/fr\/wp-json\/wp\/v2\/posts"}],"about":[{"href":"https:\/\/thinkvia.be\/fr\/wp-json\/wp\/v2\/types\/post"}],"author":[{"embeddable":true,"href":"https:\/\/thinkvia.be\/fr\/wp-json\/wp\/v2\/users\/3"}],"replies":[{"embeddable":true,"href":"https:\/\/thinkvia.be\/fr\/wp-json\/wp\/v2\/comments?post=7559"}],"version-history":[{"count":5,"href":"https:\/\/thinkvia.be\/fr\/wp-json\/wp\/v2\/posts\/7559\/revisions"}],"predecessor-version":[{"id":7587,"href":"https:\/\/thinkvia.be\/fr\/wp-json\/wp\/v2\/posts\/7559\/revisions\/7587"}],"wp:featuredmedia":[{"embeddable":true,"href":"https:\/\/thinkvia.be\/fr\/wp-json\/wp\/v2\/media\/7596"}],"wp:attachment":[{"href":"https:\/\/thinkvia.be\/fr\/wp-json\/wp\/v2\/media?parent=7559"}],"wp:term":[{"taxonomy":"category","embeddable":true,"href":"https:\/\/thinkvia.be\/fr\/wp-json\/wp\/v2\/categories?post=7559"},{"taxonomy":"post_tag","embeddable":true,"href":"https:\/\/thinkvia.be\/fr\/wp-json\/wp\/v2\/tags?post=7559"}],"curies":[{"name":"wp","href":"https:\/\/api.w.org\/{rel}","templated":true}]}}