{"id":6393,"date":"2024-12-05T07:09:45","date_gmt":"2024-12-05T07:09:45","guid":{"rendered":"https:\/\/thinkvia.be\/cim-audio-time-2025-2\/"},"modified":"2025-01-28T09:36:04","modified_gmt":"2025-01-28T09:36:04","slug":"cim-audio-time-2025-2","status":"publish","type":"post","link":"https:\/\/thinkvia.be\/fr\/cim-audio-time-2025-2\/","title":{"rendered":"CIM Audio Time 2025"},"content":{"rendered":"\n<h2 class=\"wp-block-heading\"><a href=\"https:\/\/thinkvia.be\/en\/cim-audio-time\/\"><mark style=\"background-color:#ff6900\" class=\"has-inline-color\"><a href=\"https:\/\/thinkvia.be\/en\/cim-audio-time\/\">rewatch the webinar<\/a> >>><\/mark><\/a><\/h2>\n\n\n\n<div style=\"height:26px\" aria-hidden=\"true\" class=\"wp-block-spacer\"><\/div>\n\n\n\n<h3 class=\"wp-block-heading\">L\u2019\u00e9tude officielle \u00ab&nbsp;share of ear&nbsp;\u00bb du march\u00e9 belge<\/h3>\n\n\n\n<p>Pour la quatri\u00e8me fois, le CIM a pr\u00e9sent\u00e9 l\u2019\u00e9tude \u00ab&nbsp;Audio Time&nbsp;\u00bb, qui cartographie les habitudes d\u2019\u00e9coute des Belges. Cette \u00e9tude aborde toutes les sources audio. Elle permet d\u2019analyser leur importance relative ainsi que les diff\u00e9rences selon la r\u00e9gion, l\u2019\u00e2ge et l\u2019appareil utilis\u00e9. Et bien s\u00fbr, les \u00e9volutions \u00e0 plus long terme seront \u00e9galement d\u00e9chiffr\u00e9es.<\/p>\n\n\n\n<div class=\"wp-block-file\"><a id=\"wp-block-file--media-8704100a-cd42-428b-93f7-5e3fb3cb8318\" href=\"https:\/\/thinkvia.be\/wp-content\/uploads\/2024\/12\/CIM-Audio-Time-2025.pdf\">CIM Audio Time 2025<\/a><a href=\"https:\/\/thinkvia.be\/wp-content\/uploads\/2024\/12\/CIM-Audio-Time-2025.pdf\" class=\"wp-block-file__button wp-element-button\" download aria-describedby=\"wp-block-file--media-8704100a-cd42-428b-93f7-5e3fb3cb8318\">Downloaden<\/a><\/div>\n\n\n\n<div class=\"wp-block-file\"><a id=\"wp-block-file--media-874d2472-9999-4d07-9c08-dccd13920df3\" href=\"https:\/\/thinkvia.be\/wp-content\/uploads\/2024\/12\/International-key-trends-in-audio-EGTA.pdf\">International key trends in audio &#8211; EGTA<\/a><a href=\"https:\/\/thinkvia.be\/wp-content\/uploads\/2024\/12\/International-key-trends-in-audio-EGTA.pdf\" class=\"wp-block-file__button wp-element-button\" download aria-describedby=\"wp-block-file--media-874d2472-9999-4d07-9c08-dccd13920df3\">Downloaden<\/a><\/div>\n\n\n\n<h3 class=\"wp-block-heading\">Agenda<\/h3>\n\n\n\n<p><\/p>\n\n\n\n<ul class=\"wp-block-list\">\n<li>CIM Audio Time<br>Intervenants : <strong>Jo\u00eblle Defossez<\/strong>&nbsp;et&nbsp;<strong>Mathias Maesschalck<\/strong>, Project Managers au CIM.<\/li>\n<\/ul>\n\n\n\n<p><\/p>\n\n\n\n<ul class=\"wp-block-list\">\n<li>Regards internationaux sur la consommation de contenus audio.<br>Orateur : <strong>Thierry Mars<\/strong>, directeur Radio chez egta.<\/li>\n<\/ul>\n\n\n\n<p><\/p>\n\n\n\n<ul class=\"wp-block-list\">\n<li>Les \u00ab\u00a0Power slides 2024\u00a0\u00bb<br>Un floril\u00e8ge des conclusions marquantes des \u00e9tudes et pr\u00e9sentations 2024, par Wout Dockx, secr\u00e9taire g\u00e9n\u00e9ral de VIA.<\/li>\n<\/ul>\n\n\n\n<p>Ce webinaire sera anim\u00e9 par <strong>Thierry Mars<\/strong><\/p>\n","protected":false},"excerpt":{"rendered":"<p>rewatch the webinar >>> L\u2019\u00e9tude officielle \u00ab&nbsp;share of ear&nbsp;\u00bb du march\u00e9 belge Pour la quatri\u00e8me fois, le CIM a pr\u00e9sent\u00e9 l\u2019\u00e9tude \u00ab&nbsp;Audio Time&nbsp;\u00bb, qui cartographie les habitudes d\u2019\u00e9coute des Belges. Cette \u00e9tude aborde toutes les sources audio. Elle permet d\u2019analyser&#8230;<\/p>\n","protected":false},"author":2,"featured_media":4981,"comment_status":"closed","ping_status":"closed","sticky":false,"template":"","format":"standard","meta":{"_acf_changed":false,"_uf_show_specific_survey":0,"_uf_disable_surveys":false,"footnotes":""},"categories":[30],"tags":[],"class_list":["post-6393","post","type-post","status-publish","format-standard","has-post-thumbnail","hentry","category-events"],"acf":[],"_links":{"self":[{"href":"https:\/\/thinkvia.be\/fr\/wp-json\/wp\/v2\/posts\/6393","targetHints":{"allow":["GET"]}}],"collection":[{"href":"https:\/\/thinkvia.be\/fr\/wp-json\/wp\/v2\/posts"}],"about":[{"href":"https:\/\/thinkvia.be\/fr\/wp-json\/wp\/v2\/types\/post"}],"author":[{"embeddable":true,"href":"https:\/\/thinkvia.be\/fr\/wp-json\/wp\/v2\/users\/2"}],"replies":[{"embeddable":true,"href":"https:\/\/thinkvia.be\/fr\/wp-json\/wp\/v2\/comments?post=6393"}],"version-history":[{"count":5,"href":"https:\/\/thinkvia.be\/fr\/wp-json\/wp\/v2\/posts\/6393\/revisions"}],"predecessor-version":[{"id":6680,"href":"https:\/\/thinkvia.be\/fr\/wp-json\/wp\/v2\/posts\/6393\/revisions\/6680"}],"wp:featuredmedia":[{"embeddable":true,"href":"https:\/\/thinkvia.be\/fr\/wp-json\/wp\/v2\/media\/4981"}],"wp:attachment":[{"href":"https:\/\/thinkvia.be\/fr\/wp-json\/wp\/v2\/media?parent=6393"}],"wp:term":[{"taxonomy":"category","embeddable":true,"href":"https:\/\/thinkvia.be\/fr\/wp-json\/wp\/v2\/categories?post=6393"},{"taxonomy":"post_tag","embeddable":true,"href":"https:\/\/thinkvia.be\/fr\/wp-json\/wp\/v2\/tags?post=6393"}],"curies":[{"name":"wp","href":"https:\/\/api.w.org\/{rel}","templated":true}]}}