{"id":3037,"date":"2021-11-26T14:44:10","date_gmt":"2021-11-26T14:44:10","guid":{"rendered":"https:\/\/thinkvia.be\/?p=3037"},"modified":"2022-04-04T07:40:40","modified_gmt":"2022-04-04T07:40:40","slug":"3037","status":"publish","type":"post","link":"https:\/\/thinkvia.be\/fr\/3037\/","title":{"rendered":"Rethinking TV Reach in the digital age"},"content":{"rendered":"\n<p>Revoir le webinaire du 9 d\u00e9cembre 2021<\/p>\n\n\n<p><iframe loading=\"lazy\" src=\"https:\/\/player.vimeo.com\/video\/656296264?h=5aace4c065\" width=\"640\" height=\"360\" frameborder=\"0\" allowfullscreen=\"allowfullscreen\"><\/iframe><\/p>\n\n\n<p><\/p>\n\n\n\n<p><strong>DEMANDEZ <\/strong><a href=\"https:\/\/thinkvia.be\/fr\/whitepaper-rethinking-reach-in-the-digital-age\/\"><span class=\"has-inline-color has-luminous-vivid-orange-color\"><strong>ICI <\/strong><\/span><\/a><strong>VOTRE COPIE DU LIVRE BLANC<\/strong><\/p>\n\n\n\n<p>  (aussi disponible en <a href=\"https:\/\/thinkvia.be\/whitepaper-rethinking-tv-reach-in-the-digital-age\/\"><span class=\"has-inline-color has-luminous-vivid-orange-color\">N\u00e9erlandais<\/span><\/a> et en <span class=\"has-inline-color has-luminous-vivid-orange-color\"><a href=\"https:\/\/thinkvia.be\/wp-content\/uploads\/2022\/01\/Rethinking-Reach-in-the-digital-Age.pdf\">Anglais<\/a><\/span>) <\/p>\n\n\n\n<div style=\"height:23px\" aria-hidden=\"true\" class=\"wp-block-spacer\"><\/div>\n\n\n\n<p>Au programme du webinaire :<\/p>\n\n\n\n<ul class=\"wp-block-list\"><li><strong>Is advertising heading for an audience crisis?<\/strong><\/li><li>Rapport d\u2019une table ronde r\u00e9unissant des t\u00e9nors internationaux, organis\u00e9e r\u00e9cemment par GfK.<\/li><li><\/li><li><strong>Rethinking TV reach in the digital age<\/strong><\/li><li>Une pr\u00e9sentation des th\u00e8mes majeurs du livre blanc.<\/li><li><\/li><\/ul>\n\n\n\n<ul class=\"wp-block-list\"><li><strong>The future:&nbsp; One Connected Video Ecosystem<\/strong><\/li><li>L\u2019avenir proche offrira un tas de nouvelles possibilit\u00e9s.<\/li><\/ul>\n\n\n\n<div style=\"height:28px\" aria-hidden=\"true\" class=\"wp-block-spacer\"><\/div>\n\n\n\n<p>Les orateurs de service sont Wilfried Celis (Pr\u00e9sident VIA), Delphine Van Kerckhove (Sales Director IP Belgium), Wout Dockx (Secr\u00e9taire G\u00e9n\u00e9ral VIA) et Katty Roberfroid (Pr\u00e9sidente Egta)..<\/p>\n","protected":false},"excerpt":{"rendered":"<p>Revoir le webinaire du 9 d\u00e9cembre 2021 DEMANDEZ ICI VOTRE COPIE DU LIVRE BLANC (aussi disponible en N\u00e9erlandais et en Anglais) Au programme du webinaire : Is advertising heading for an audience crisis? Rapport d\u2019une table ronde r\u00e9unissant des t\u00e9nors&#8230;<\/p>\n","protected":false},"author":2,"featured_media":3012,"comment_status":"closed","ping_status":"closed","sticky":false,"template":"","format":"standard","meta":{"_acf_changed":false,"_uf_show_specific_survey":0,"_uf_disable_surveys":false,"footnotes":""},"categories":[30],"tags":[],"class_list":["post-3037","post","type-post","status-publish","format-standard","has-post-thumbnail","hentry","category-events"],"acf":[],"_links":{"self":[{"href":"https:\/\/thinkvia.be\/fr\/wp-json\/wp\/v2\/posts\/3037","targetHints":{"allow":["GET"]}}],"collection":[{"href":"https:\/\/thinkvia.be\/fr\/wp-json\/wp\/v2\/posts"}],"about":[{"href":"https:\/\/thinkvia.be\/fr\/wp-json\/wp\/v2\/types\/post"}],"author":[{"embeddable":true,"href":"https:\/\/thinkvia.be\/fr\/wp-json\/wp\/v2\/users\/2"}],"replies":[{"embeddable":true,"href":"https:\/\/thinkvia.be\/fr\/wp-json\/wp\/v2\/comments?post=3037"}],"version-history":[{"count":5,"href":"https:\/\/thinkvia.be\/fr\/wp-json\/wp\/v2\/posts\/3037\/revisions"}],"predecessor-version":[{"id":3570,"href":"https:\/\/thinkvia.be\/fr\/wp-json\/wp\/v2\/posts\/3037\/revisions\/3570"}],"wp:featuredmedia":[{"embeddable":true,"href":"https:\/\/thinkvia.be\/fr\/wp-json\/wp\/v2\/media\/3012"}],"wp:attachment":[{"href":"https:\/\/thinkvia.be\/fr\/wp-json\/wp\/v2\/media?parent=3037"}],"wp:term":[{"taxonomy":"category","embeddable":true,"href":"https:\/\/thinkvia.be\/fr\/wp-json\/wp\/v2\/categories?post=3037"},{"taxonomy":"post_tag","embeddable":true,"href":"https:\/\/thinkvia.be\/fr\/wp-json\/wp\/v2\/tags?post=3037"}],"curies":[{"name":"wp","href":"https:\/\/api.w.org\/{rel}","templated":true}]}}