{"id":2239,"date":"2021-01-21T08:15:48","date_gmt":"2021-01-21T08:15:48","guid":{"rendered":"https:\/\/thinkvia.be\/soniq-2021-2\/"},"modified":"2021-01-21T08:16:42","modified_gmt":"2021-01-21T08:16:42","slug":"soniq-2021-2","status":"publish","type":"post","link":"https:\/\/thinkvia.be\/fr\/soniq-2021-2\/","title":{"rendered":"SONIQ 2021"},"content":{"rendered":"\n<h3 class=\"wp-block-heading\"><strong>Une conf\u00e9rence vid\u00e9o radiophonique<\/strong><\/h3>\n\n\n\n<p>Le 25 f\u00e9vrier, c\u2019est le jour J. C\u2019est alors que seront discern\u00e9s les 2<sup>e<\/sup> Soniq Awards et que nous donnerons la parole \u00e0 des orateurs internationaux pr\u00e8s \u00e0 nous immerger dans le monde merveilleux de l\u2019audio et de la radio.<\/p>\n\n\n\n<p>Suite aux circonstances que vous connaissez, cet \u00e9v\u00e9nement se tiendra en ligne.<\/p>\n\n\n\n<p>Nous \u00e9mettrons depuis Studio Soniq, \u00e0 l\u2019occasion d\u2019une conf\u00e9rence que vous pourrez suivre cal\u00e9 devant votre \u00e9cran, ou alors, tout aussi facilement, dans votre voiture via votre smartphone&nbsp;!<\/p>\n\n\n\n<p>De plus amples d\u00e9tails suivront, mais vous pouvez d\u2019ores et d\u00e9j\u00e0 vous inscrire via le module \u00e0 droite.<\/p>\n","protected":false},"excerpt":{"rendered":"<p>Une conf\u00e9rence vid\u00e9o radiophonique Le 25 f\u00e9vrier, c\u2019est le jour J. C\u2019est alors que seront discern\u00e9s les 2e Soniq Awards et que nous donnerons la parole \u00e0 des orateurs internationaux pr\u00e8s \u00e0 nous immerger dans le monde merveilleux de l\u2019audio&#8230;<\/p>\n","protected":false},"author":1,"featured_media":2236,"comment_status":"closed","ping_status":"closed","sticky":false,"template":"","format":"standard","meta":{"_acf_changed":false,"_uf_show_specific_survey":0,"_uf_disable_surveys":false,"footnotes":""},"categories":[30],"tags":[],"class_list":["post-2239","post","type-post","status-publish","format-standard","has-post-thumbnail","hentry","category-events"],"acf":[],"_links":{"self":[{"href":"https:\/\/thinkvia.be\/fr\/wp-json\/wp\/v2\/posts\/2239","targetHints":{"allow":["GET"]}}],"collection":[{"href":"https:\/\/thinkvia.be\/fr\/wp-json\/wp\/v2\/posts"}],"about":[{"href":"https:\/\/thinkvia.be\/fr\/wp-json\/wp\/v2\/types\/post"}],"author":[{"embeddable":true,"href":"https:\/\/thinkvia.be\/fr\/wp-json\/wp\/v2\/users\/1"}],"replies":[{"embeddable":true,"href":"https:\/\/thinkvia.be\/fr\/wp-json\/wp\/v2\/comments?post=2239"}],"version-history":[{"count":2,"href":"https:\/\/thinkvia.be\/fr\/wp-json\/wp\/v2\/posts\/2239\/revisions"}],"predecessor-version":[{"id":2241,"href":"https:\/\/thinkvia.be\/fr\/wp-json\/wp\/v2\/posts\/2239\/revisions\/2241"}],"wp:featuredmedia":[{"embeddable":true,"href":"https:\/\/thinkvia.be\/fr\/wp-json\/wp\/v2\/media\/2236"}],"wp:attachment":[{"href":"https:\/\/thinkvia.be\/fr\/wp-json\/wp\/v2\/media?parent=2239"}],"wp:term":[{"taxonomy":"category","embeddable":true,"href":"https:\/\/thinkvia.be\/fr\/wp-json\/wp\/v2\/categories?post=2239"},{"taxonomy":"post_tag","embeddable":true,"href":"https:\/\/thinkvia.be\/fr\/wp-json\/wp\/v2\/tags?post=2239"}],"curies":[{"name":"wp","href":"https:\/\/api.w.org\/{rel}","templated":true}]}}