{"id":2071,"date":"2020-03-25T12:44:00","date_gmt":"2020-03-25T12:44:00","guid":{"rendered":"https:\/\/thinkvia.be\/de-audio-visuele-regies-ondersteunen-adverteerders\/"},"modified":"2021-01-14T16:30:48","modified_gmt":"2021-01-14T16:30:48","slug":"de-audio-visuele-regies-ondersteunen-adverteerders","status":"publish","type":"post","link":"https:\/\/thinkvia.be\/fr\/de-audio-visuele-regies-ondersteunen-adverteerders\/","title":{"rendered":"Les r\u00e9gies audiovisuelles soutiennent les annonceurs"},"content":{"rendered":"\n<h2 class=\"wp-block-heading\">Les r\u00e9gies audiovisuelles prennent des mesures pour soutenir les annonceurs<\/h2>\n\n\n\n<p>Dans le contexte particulier cr\u00e9\u00e9 par la pand\u00e9mie de Covid-19, les r\u00e9gies publicitaires audiovisuelles constatent que beaucoup d\u2019annonceurs se retrouvent dans une situation complexe en ce qui concerne leurs campagnes publicitaires.<\/p>\n\n\n\n<p>Face \u00e0 ce constat, les diff\u00e9rentes r\u00e9gies audiovisuelles, au travers de leur association VIA, ont envisag\u00e9 d\u2019adopter plusieurs mesures.<\/p>\n\n\n\n<p>La premi\u00e8re mesure est un soutien au secteur de la distribution dont une grande majorit\u00e9 des enseignes ont d\u00fb fermer. VIA a pris l\u2019initiative, pour ces annonceurs, d\u2019offrir sur leurs spots audio <a href=\"https:\/\/thinkvia.be\/fr\/boostez-vos-ventes-enligne\/\">(un \u00ab&nbsp;tag on&nbsp;\u00bb de 5\u2019\u2019)<\/a> et sur leurs spots vid\u00e9o (un overlay en fin de spot) un message incitant les consommateurs \u00e0 acheter sur leurs enseignes en ligne. Les crit\u00e8res, pour b\u00e9n\u00e9ficier de ces messages, est de faire au moins 75% de son chiffre d\u2019affaires au travers de magasins \u00ab physiques \u00bb et de poss\u00e9der une possibilit\u00e9 d\u2019achat en ligne. <strong><a href=\"https:\/\/thinkvia.be\/fr\/boostez-vos-ventes-enligne\/\">Des examples ici.<\/a><\/strong><\/p>\n\n\n\n<p>Dans le but de soutenir l\u2019\u00e9conomie locale, les membres de VIA mettent \u00e9galement en place une campagne (un spot de 10\u2019\u2019) ayant comme objectif de favoriser les achats locaux.<\/p>\n\n\n\n<p>NL<\/p>\n\n\n\n<figure class=\"wp-block-audio\"><audio controls src=\"https:\/\/thinkvia.be\/wp-content\/uploads\/2021\/01\/Corona-PUB-NL-Belg-Economie-10s.mp3\"><\/audio><\/figure>\n\n\n\n<figure class=\"wp-block-audio\"><audio controls src=\"https:\/\/thinkvia.be\/wp-content\/uploads\/2021\/01\/Corona-PUB-NL-Koop-lokaal-10s.mp3\"><\/audio><\/figure>\n\n\n\n<figure class=\"wp-block-audio\"><audio controls src=\"https:\/\/thinkvia.be\/wp-content\/uploads\/2021\/01\/Corona-PUB-NL-Ondernemers-10s.mp3\"><\/audio><\/figure>\n\n\n\n<p>FR<\/p>\n\n\n\n<figure class=\"wp-block-audio\"><audio controls src=\"https:\/\/thinkvia.be\/wp-content\/uploads\/2021\/01\/Corona-PUB-FR-10s-Traverser.mp3\"><\/audio><\/figure>\n\n\n\n<p>Toujours dans un objectif de soutenir les annonceurs durant cette p\u00e9riode compliqu\u00e9e, et en dehors des initiatives prises par VIA, chaque r\u00e9gie sera \u00e9galement libre d\u2019adopter des mesures particuli\u00e8res de soutien, qu\u2019elle jugera appropri\u00e9es, pour faire face \u00e0 cette crise. Ces mesures seront applicables pour une dur\u00e9e qu\u2019il appartient \u00e0 chaque r\u00e9gie de d\u00e9terminer.<\/p>\n\n\n\n<p>Le choix des mesures ainsi que leurs modalit\u00e9s et conditions continuent \u00e0 relever de l\u2019appr\u00e9ciation de chaque r\u00e9gie dans ses relations contractuelles avec les annonceurs.<\/p>\n\n\n\n<p>VIA reste convaincue de la n\u00e9cessit\u00e9 pour les marques, de communiquer durant ces p\u00e9riodes troubl\u00e9es, et esp\u00e8re qu\u2019\u00e0 la faveur de ces mesures, les membres de VIA apportent au mieux de leurs possibilit\u00e9s&nbsp; un soutien aux annonceurs et une confiance&nbsp; renouvel\u00e9 dans leurs m\u00e9dias audiovisuels.<\/p>\n","protected":false},"excerpt":{"rendered":"<p>Les r\u00e9gies audiovisuelles prennent des mesures pour soutenir les annonceurs Dans le contexte particulier cr\u00e9\u00e9 par la pand\u00e9mie de Covid-19, les r\u00e9gies publicitaires audiovisuelles constatent que beaucoup d\u2019annonceurs se retrouvent dans une situation complexe en ce qui concerne leurs campagnes&#8230;<\/p>\n","protected":false},"author":1,"featured_media":1792,"comment_status":"closed","ping_status":"closed","sticky":false,"template":"","format":"standard","meta":{"_acf_changed":false,"_uf_show_specific_survey":0,"_uf_disable_surveys":false,"footnotes":""},"categories":[36,46],"tags":[],"class_list":["post-2071","post","type-post","status-publish","format-standard","has-post-thumbnail","hentry","category-audio-fr","category-video-fr"],"acf":[],"_links":{"self":[{"href":"https:\/\/thinkvia.be\/fr\/wp-json\/wp\/v2\/posts\/2071","targetHints":{"allow":["GET"]}}],"collection":[{"href":"https:\/\/thinkvia.be\/fr\/wp-json\/wp\/v2\/posts"}],"about":[{"href":"https:\/\/thinkvia.be\/fr\/wp-json\/wp\/v2\/types\/post"}],"author":[{"embeddable":true,"href":"https:\/\/thinkvia.be\/fr\/wp-json\/wp\/v2\/users\/1"}],"replies":[{"embeddable":true,"href":"https:\/\/thinkvia.be\/fr\/wp-json\/wp\/v2\/comments?post=2071"}],"version-history":[{"count":1,"href":"https:\/\/thinkvia.be\/fr\/wp-json\/wp\/v2\/posts\/2071\/revisions"}],"predecessor-version":[{"id":2072,"href":"https:\/\/thinkvia.be\/fr\/wp-json\/wp\/v2\/posts\/2071\/revisions\/2072"}],"wp:featuredmedia":[{"embeddable":true,"href":"https:\/\/thinkvia.be\/fr\/wp-json\/wp\/v2\/media\/1792"}],"wp:attachment":[{"href":"https:\/\/thinkvia.be\/fr\/wp-json\/wp\/v2\/media?parent=2071"}],"wp:term":[{"taxonomy":"category","embeddable":true,"href":"https:\/\/thinkvia.be\/fr\/wp-json\/wp\/v2\/categories?post=2071"},{"taxonomy":"post_tag","embeddable":true,"href":"https:\/\/thinkvia.be\/fr\/wp-json\/wp\/v2\/tags?post=2071"}],"curies":[{"name":"wp","href":"https:\/\/api.w.org\/{rel}","templated":true}]}}